{"id":17085,"date":"2020-05-06T16:59:21","date_gmt":"2020-05-06T14:59:21","guid":{"rendered":"http:\/\/www.bfcsrl.it\/17077\/"},"modified":"2021-07-09T11:19:51","modified_gmt":"2021-07-09T09:19:51","slug":"host-2021","status":"publish","type":"post","link":"https:\/\/www.bfcsrl.it\/de\/host-2021\/","title":{"rendered":"Host \u2013 22\/26 Oktober  2021"},"content":{"rendered":"<p>BFC wird anwesend sein Host 2021 \u2013 MILAN \u2013 von 22 bis 26 Oktober 2021.<br \/>\nPad 24, stand N50 \/ P49.<\/p>\n<p>Link: <a href=\"http:\/\/host.fieramilano.it\/\">host.fieramilano.it<\/a><\/p>\n<p>HostMilano ist die weltweit f\u00fchrende Fachmesse f\u00fcr die Gastronomie und das Gastgewerbe.<br \/>\nEin Bezugspunt f\u00fcr Fachleute der Gastronomie und bevorzugter Marktplatz, um ein qualitativ hochwertiges Business zu betreiben.<br \/>\nIn der 42. Ausgabe pr\u00e4sentiert die zweij\u00e4hrliche HostMilano alles, was f\u00fcr ein erfolgreiches Lokal ben\u00f6tigt wird, an einem einzigen Ort: vom Rohstoff bis zum Halbfertigprodukt, von der Maschine bis zur Ausstattung, vom Mobiliar bis zum Esstisch. Gleichzeitig wird ein tiefer Einblick auf die Zukunftstrends gew\u00e4hrleistet.<br \/>\nWas HostMilano seit jeher auszeichnet, ist das einzigartige Ausstellungskonzept, das die vertikale Spezialisierung der dedizierten Bereiche mit der Supply-Chain-Affinit\u00e4t in drei Makrobereichen verbindet: Professionelle Gastronomie; Brot | Pizza | Pasta \u2013 Kaffee | Tee; Bar | Kaffeemaschinen | Vending; Eiscreme | Geb\u00e4ck \u2013<br \/>\nMobiliar | Technologie | Esstisch<br \/>\nIn Mailand, vom 22. bis 26. Oktober 2021, finden Fachleute einen kompletten \u00dcberblick \u00fcber die weltweit beste Gastronomie und Hotellerie mit den neuesten Branchennews in Bezug auf Ausstattung, Rohstoffe, Ausr\u00fcstung und Halbfertigprodukte. Abgerundet wird dies durch einen beispiellosen Veranstaltungskalender, in dem Experten und Top-Player Fallbeispiele und Know-how austauschen, darunter Showcooking, Wettbewerbe und Konferenzen.<\/p>\n","protected":false},"excerpt":{"rendered":"<p>BFC wird anwesend sein Host 2021 \u2013 MILAN \u2013 von 22 bis 26 Oktober 2021.<br \/>\nPad 24, stand N50 \/ P49.<\/p>\n","protected":false},"author":9,"featured_media":17075,"comment_status":"open","ping_status":"closed","sticky":false,"template":"","format":"standard","meta":[],"categories":[66],"tags":[],"acf":[],"yoast_head":"<!-- This site is optimized with the Yoast SEO plugin v20.1 - https:\/\/yoast.com\/wordpress\/plugins\/seo\/ -->\n<title>Host \u2013 22\/26 Oktober 2021 | BFC srl<\/title>\n<meta name=\"robots\" content=\"index, follow, max-snippet:-1, max-image-preview:large, max-video-preview:-1\" \/>\n<link rel=\"canonical\" href=\"https:\/\/www.bfcsrl.it\/de\/host-2021\/\" \/>\n<meta property=\"og:locale\" content=\"de_DE\" \/>\n<meta property=\"og:type\" content=\"article\" \/>\n<meta property=\"og:title\" content=\"Host \u2013 22\/26 Oktober 2021 | BFC srl\" \/>\n<meta property=\"og:description\" content=\"BFC wird anwesend sein Host 2021 \u2013 MILAN \u2013 von 22 bis 26 Oktober 2021. Pad 24, stand N50 \/ P49.\" \/>\n<meta property=\"og:url\" content=\"https:\/\/www.bfcsrl.it\/de\/host-2021\/\" \/>\n<meta property=\"og:site_name\" content=\"BFC srl\" \/>\n<meta property=\"article:published_time\" content=\"2020-05-06T14:59:21+00:00\" \/>\n<meta property=\"article:modified_time\" content=\"2021-07-09T09:19:51+00:00\" \/>\n<meta property=\"og:image\" content=\"https:\/\/www.bfcsrl.it\/bfc2015\/wp-content\/uploads\/2020\/05\/10-21-HOST.jpg\" \/>\n\t<meta property=\"og:image:width\" content=\"952\" \/>\n\t<meta property=\"og:image:height\" content=\"665\" \/>\n\t<meta property=\"og:image:type\" content=\"image\/jpeg\" \/>\n<meta name=\"author\" content=\"Marta Vanzella\" \/>\n<meta name=\"twitter:label1\" content=\"Verfasst von\" \/>\n\t<meta name=\"twitter:data1\" content=\"Marta Vanzella\" \/>\n\t<meta name=\"twitter:label2\" content=\"Gesch\u00e4tzte Lesezeit\" \/>\n\t<meta name=\"twitter:data2\" content=\"1 Minute\" \/>\n<script type=\"application\/ld+json\" class=\"yoast-schema-graph\">{\"@context\":\"https:\/\/schema.org\",\"@graph\":[{\"@type\":\"WebPage\",\"@id\":\"https:\/\/www.bfcsrl.it\/de\/host-2021\/\",\"url\":\"https:\/\/www.bfcsrl.it\/de\/host-2021\/\",\"name\":\"Host \u2013 22\/26 Oktober 2021 | BFC srl\",\"isPartOf\":{\"@id\":\"https:\/\/www.bfcsrl.it\/es\/#website\"},\"datePublished\":\"2020-05-06T14:59:21+00:00\",\"dateModified\":\"2021-07-09T09:19:51+00:00\",\"author\":{\"@id\":\"https:\/\/www.bfcsrl.it\/es\/#\/schema\/person\/46ea66a361f5d46c82d7731027bac4ae\"},\"breadcrumb\":{\"@id\":\"https:\/\/www.bfcsrl.it\/de\/host-2021\/#breadcrumb\"},\"inLanguage\":\"de-DE\",\"potentialAction\":[{\"@type\":\"ReadAction\",\"target\":[\"https:\/\/www.bfcsrl.it\/de\/host-2021\/\"]}]},{\"@type\":\"BreadcrumbList\",\"@id\":\"https:\/\/www.bfcsrl.it\/de\/host-2021\/#breadcrumb\",\"itemListElement\":[{\"@type\":\"ListItem\",\"position\":1,\"name\":\"\",\"item\":\"https:\/\/www.bfcsrl.it\/de\/\"},{\"@type\":\"ListItem\",\"position\":2,\"name\":\"Host \u2013 22\/26 Oktober 2021\"}]},{\"@type\":\"WebSite\",\"@id\":\"https:\/\/www.bfcsrl.it\/es\/#website\",\"url\":\"https:\/\/www.bfcsrl.it\/es\/\",\"name\":\"BFC srl\",\"description\":\"\",\"potentialAction\":[{\"@type\":\"SearchAction\",\"target\":{\"@type\":\"EntryPoint\",\"urlTemplate\":\"https:\/\/www.bfcsrl.it\/es\/?s={search_term_string}\"},\"query-input\":\"required name=search_term_string\"}],\"inLanguage\":\"de-DE\"},{\"@type\":\"Person\",\"@id\":\"https:\/\/www.bfcsrl.it\/es\/#\/schema\/person\/46ea66a361f5d46c82d7731027bac4ae\",\"name\":\"Marta Vanzella\",\"image\":{\"@type\":\"ImageObject\",\"inLanguage\":\"de-DE\",\"@id\":\"https:\/\/www.bfcsrl.it\/es\/#\/schema\/person\/image\/\",\"url\":\"https:\/\/secure.gravatar.com\/avatar\/8ea3f4d1b3192570f9482d650205e191?s=96&d=mm&r=g\",\"contentUrl\":\"https:\/\/secure.gravatar.com\/avatar\/8ea3f4d1b3192570f9482d650205e191?s=96&d=mm&r=g\",\"caption\":\"Marta Vanzella\"}}]}<\/script>\n<!-- \/ Yoast SEO plugin. -->","yoast_head_json":{"title":"Host \u2013 22\/26 Oktober 2021 | BFC srl","robots":{"index":"index","follow":"follow","max-snippet":"max-snippet:-1","max-image-preview":"max-image-preview:large","max-video-preview":"max-video-preview:-1"},"canonical":"https:\/\/www.bfcsrl.it\/de\/host-2021\/","og_locale":"de_DE","og_type":"article","og_title":"Host \u2013 22\/26 Oktober 2021 | BFC srl","og_description":"BFC wird anwesend sein Host 2021 \u2013 MILAN \u2013 von 22 bis 26 Oktober 2021. Pad 24, stand N50 \/ P49.","og_url":"https:\/\/www.bfcsrl.it\/de\/host-2021\/","og_site_name":"BFC srl","article_published_time":"2020-05-06T14:59:21+00:00","article_modified_time":"2021-07-09T09:19:51+00:00","og_image":[{"width":952,"height":665,"url":"https:\/\/www.bfcsrl.it\/bfc2015\/wp-content\/uploads\/2020\/05\/10-21-HOST.jpg","type":"image\/jpeg"}],"author":"Marta Vanzella","twitter_misc":{"Verfasst von":"Marta Vanzella","Gesch\u00e4tzte Lesezeit":"1 Minute"},"schema":{"@context":"https:\/\/schema.org","@graph":[{"@type":"WebPage","@id":"https:\/\/www.bfcsrl.it\/de\/host-2021\/","url":"https:\/\/www.bfcsrl.it\/de\/host-2021\/","name":"Host \u2013 22\/26 Oktober 2021 | BFC srl","isPartOf":{"@id":"https:\/\/www.bfcsrl.it\/es\/#website"},"datePublished":"2020-05-06T14:59:21+00:00","dateModified":"2021-07-09T09:19:51+00:00","author":{"@id":"https:\/\/www.bfcsrl.it\/es\/#\/schema\/person\/46ea66a361f5d46c82d7731027bac4ae"},"breadcrumb":{"@id":"https:\/\/www.bfcsrl.it\/de\/host-2021\/#breadcrumb"},"inLanguage":"de-DE","potentialAction":[{"@type":"ReadAction","target":["https:\/\/www.bfcsrl.it\/de\/host-2021\/"]}]},{"@type":"BreadcrumbList","@id":"https:\/\/www.bfcsrl.it\/de\/host-2021\/#breadcrumb","itemListElement":[{"@type":"ListItem","position":1,"name":"","item":"https:\/\/www.bfcsrl.it\/de\/"},{"@type":"ListItem","position":2,"name":"Host \u2013 22\/26 Oktober 2021"}]},{"@type":"WebSite","@id":"https:\/\/www.bfcsrl.it\/es\/#website","url":"https:\/\/www.bfcsrl.it\/es\/","name":"BFC srl","description":"","potentialAction":[{"@type":"SearchAction","target":{"@type":"EntryPoint","urlTemplate":"https:\/\/www.bfcsrl.it\/es\/?s={search_term_string}"},"query-input":"required name=search_term_string"}],"inLanguage":"de-DE"},{"@type":"Person","@id":"https:\/\/www.bfcsrl.it\/es\/#\/schema\/person\/46ea66a361f5d46c82d7731027bac4ae","name":"Marta Vanzella","image":{"@type":"ImageObject","inLanguage":"de-DE","@id":"https:\/\/www.bfcsrl.it\/es\/#\/schema\/person\/image\/","url":"https:\/\/secure.gravatar.com\/avatar\/8ea3f4d1b3192570f9482d650205e191?s=96&d=mm&r=g","contentUrl":"https:\/\/secure.gravatar.com\/avatar\/8ea3f4d1b3192570f9482d650205e191?s=96&d=mm&r=g","caption":"Marta Vanzella"}}]}},"_links":{"self":[{"href":"https:\/\/www.bfcsrl.it\/de\/wp-json\/wp\/v2\/posts\/17085"}],"collection":[{"href":"https:\/\/www.bfcsrl.it\/de\/wp-json\/wp\/v2\/posts"}],"about":[{"href":"https:\/\/www.bfcsrl.it\/de\/wp-json\/wp\/v2\/types\/post"}],"author":[{"embeddable":true,"href":"https:\/\/www.bfcsrl.it\/de\/wp-json\/wp\/v2\/users\/9"}],"replies":[{"embeddable":true,"href":"https:\/\/www.bfcsrl.it\/de\/wp-json\/wp\/v2\/comments?post=17085"}],"version-history":[{"count":0,"href":"https:\/\/www.bfcsrl.it\/de\/wp-json\/wp\/v2\/posts\/17085\/revisions"}],"wp:featuredmedia":[{"embeddable":true,"href":"https:\/\/www.bfcsrl.it\/de\/wp-json\/wp\/v2\/media\/17075"}],"wp:attachment":[{"href":"https:\/\/www.bfcsrl.it\/de\/wp-json\/wp\/v2\/media?parent=17085"}],"wp:term":[{"taxonomy":"category","embeddable":true,"href":"https:\/\/www.bfcsrl.it\/de\/wp-json\/wp\/v2\/categories?post=17085"},{"taxonomy":"post_tag","embeddable":true,"href":"https:\/\/www.bfcsrl.it\/de\/wp-json\/wp\/v2\/tags?post=17085"}],"curies":[{"name":"wp","href":"https:\/\/api.w.org\/{rel}","templated":true}]}}