{"id":27173,"date":"2021-07-09T09:58:34","date_gmt":"2021-07-09T07:58:34","guid":{"rendered":"http:\/\/www.bfcsrl.it\/?p=27173"},"modified":"2021-07-09T09:51:13","modified_gmt":"2021-07-09T07:51:13","slug":"intergastra-05-09-februar-2022","status":"publish","type":"post","link":"https:\/\/www.bfcsrl.it\/de\/intergastra-05-09-februar-2022\/","title":{"rendered":"Intergastra &#8211; 05\/09 Februar 2022"},"content":{"rendered":"<p>BFC wird anwesend sein Intergastra \u2013 <span id=\"result_box\" class=\"short_text\" lang=\"en\"><span class=\"\">STUTTGART<\/span><\/span> \u2013 von 05 bis 09 <span id=\"result_box\" class=\"short_text\" lang=\"de\"><span class=\"hps\">Februar<\/span><\/span> 2022.<\/p>\n<p>Link: <a href=\"https:\/\/www.messe-stuttgart.de\/intergastra\/en\/\">www.messe-stuttgart.de<\/a><\/p>\n<div id=\"gt-res-content\">\n<div id=\"gt-res-dir-ctr\" class=\"trans-verified-button-small\" dir=\"ltr\"><span id=\"result_box\" class=\"\" lang=\"it\"><span class=\"\"><span class=\"tlid-translation translation\" lang=\"it\"><span title=\"\">Die <span class=\"theme__color\">INTERGASTRA<\/span>\u00a0ist die Leitmesse f\u00fcr Hotellerie und Gastronomie. Die Veranstaltung pr\u00e4sentiert sich auf 115.000 m\u00b2 Fl\u00e4che in allen 10 Hallen der Messe Stuttgart und ist mit rund 1.400 Ausstellern gr\u00f6\u00dfter Branchentreffpunkt in Deutschland. Alle zwei Jahre informieren sich knapp 100.000 Fachbesucher zu den Schwerpunkten Food\/K\u00fcche, Hotel, Ausstattung\/Ambiente, Dienstleistung &amp; IT, Getr\u00e4nke, Kaffee sowie Speiseeis. Der Pflichttermin f\u00fcr Gastgeber bietet Neuheiten, viele M\u00f6glichkeiten zum fachlichen Austausch und erm\u00f6glicht den Blick \u00fcber den Tellerrand.<\/span><\/span><\/span><\/span><\/div>\n<\/div>\n","protected":false},"excerpt":{"rendered":"<p>BFC wird anwesend sein Intergastra \u2013 STUTTGART \u2013 von 05 bis 09 Februar 2022.<\/p>\n","protected":false},"author":9,"featured_media":27165,"comment_status":"open","ping_status":"closed","sticky":false,"template":"","format":"standard","meta":[],"categories":[4],"tags":[],"acf":[],"yoast_head":"<!-- This site is optimized with the Yoast SEO plugin v20.1 - https:\/\/yoast.com\/wordpress\/plugins\/seo\/ -->\n<title>Intergastra - 05\/09 Februar 2022 | BFC srl<\/title>\n<meta name=\"robots\" content=\"index, follow, max-snippet:-1, max-image-preview:large, max-video-preview:-1\" \/>\n<link rel=\"canonical\" href=\"https:\/\/www.bfcsrl.it\/de\/intergastra-05-09-februar-2022\/\" \/>\n<meta property=\"og:locale\" content=\"de_DE\" \/>\n<meta property=\"og:type\" content=\"article\" \/>\n<meta property=\"og:title\" content=\"Intergastra - 05\/09 Februar 2022 | BFC srl\" \/>\n<meta property=\"og:description\" content=\"BFC wird anwesend sein Intergastra \u2013 STUTTGART \u2013 von 05 bis 09 Februar 2022.\" \/>\n<meta property=\"og:url\" content=\"https:\/\/www.bfcsrl.it\/de\/intergastra-05-09-februar-2022\/\" \/>\n<meta property=\"og:site_name\" content=\"BFC srl\" \/>\n<meta property=\"article:published_time\" content=\"2021-07-09T07:58:34+00:00\" \/>\n<meta property=\"article:modified_time\" content=\"2021-07-09T07:51:13+00:00\" \/>\n<meta property=\"og:image\" content=\"https:\/\/www.bfcsrl.it\/bfc2015\/wp-content\/uploads\/2021\/07\/2022-02-INTERGASTRA.jpg\" \/>\n\t<meta property=\"og:image:width\" content=\"952\" \/>\n\t<meta property=\"og:image:height\" content=\"665\" \/>\n\t<meta property=\"og:image:type\" content=\"image\/jpeg\" \/>\n<meta name=\"author\" content=\"Marta Vanzella\" \/>\n<meta name=\"twitter:label1\" content=\"Verfasst von\" \/>\n\t<meta name=\"twitter:data1\" content=\"Marta Vanzella\" \/>\n<script type=\"application\/ld+json\" class=\"yoast-schema-graph\">{\"@context\":\"https:\/\/schema.org\",\"@graph\":[{\"@type\":\"WebPage\",\"@id\":\"https:\/\/www.bfcsrl.it\/de\/intergastra-05-09-februar-2022\/\",\"url\":\"https:\/\/www.bfcsrl.it\/de\/intergastra-05-09-februar-2022\/\",\"name\":\"Intergastra - 05\/09 Februar 2022 | BFC srl\",\"isPartOf\":{\"@id\":\"https:\/\/www.bfcsrl.it\/es\/#website\"},\"datePublished\":\"2021-07-09T07:58:34+00:00\",\"dateModified\":\"2021-07-09T07:51:13+00:00\",\"author\":{\"@id\":\"https:\/\/www.bfcsrl.it\/es\/#\/schema\/person\/46ea66a361f5d46c82d7731027bac4ae\"},\"breadcrumb\":{\"@id\":\"https:\/\/www.bfcsrl.it\/de\/intergastra-05-09-februar-2022\/#breadcrumb\"},\"inLanguage\":\"de-DE\",\"potentialAction\":[{\"@type\":\"ReadAction\",\"target\":[\"https:\/\/www.bfcsrl.it\/de\/intergastra-05-09-februar-2022\/\"]}]},{\"@type\":\"BreadcrumbList\",\"@id\":\"https:\/\/www.bfcsrl.it\/de\/intergastra-05-09-februar-2022\/#breadcrumb\",\"itemListElement\":[{\"@type\":\"ListItem\",\"position\":1,\"name\":\"\",\"item\":\"https:\/\/www.bfcsrl.it\/de\/\"},{\"@type\":\"ListItem\",\"position\":2,\"name\":\"Intergastra &#8211; 05\/09 Februar 2022\"}]},{\"@type\":\"WebSite\",\"@id\":\"https:\/\/www.bfcsrl.it\/es\/#website\",\"url\":\"https:\/\/www.bfcsrl.it\/es\/\",\"name\":\"BFC srl\",\"description\":\"\",\"potentialAction\":[{\"@type\":\"SearchAction\",\"target\":{\"@type\":\"EntryPoint\",\"urlTemplate\":\"https:\/\/www.bfcsrl.it\/es\/?s={search_term_string}\"},\"query-input\":\"required name=search_term_string\"}],\"inLanguage\":\"de-DE\"},{\"@type\":\"Person\",\"@id\":\"https:\/\/www.bfcsrl.it\/es\/#\/schema\/person\/46ea66a361f5d46c82d7731027bac4ae\",\"name\":\"Marta Vanzella\",\"image\":{\"@type\":\"ImageObject\",\"inLanguage\":\"de-DE\",\"@id\":\"https:\/\/www.bfcsrl.it\/es\/#\/schema\/person\/image\/\",\"url\":\"https:\/\/secure.gravatar.com\/avatar\/8ea3f4d1b3192570f9482d650205e191?s=96&d=mm&r=g\",\"contentUrl\":\"https:\/\/secure.gravatar.com\/avatar\/8ea3f4d1b3192570f9482d650205e191?s=96&d=mm&r=g\",\"caption\":\"Marta Vanzella\"}}]}<\/script>\n<!-- \/ Yoast SEO plugin. -->","yoast_head_json":{"title":"Intergastra - 05\/09 Februar 2022 | BFC srl","robots":{"index":"index","follow":"follow","max-snippet":"max-snippet:-1","max-image-preview":"max-image-preview:large","max-video-preview":"max-video-preview:-1"},"canonical":"https:\/\/www.bfcsrl.it\/de\/intergastra-05-09-februar-2022\/","og_locale":"de_DE","og_type":"article","og_title":"Intergastra - 05\/09 Februar 2022 | BFC srl","og_description":"BFC wird anwesend sein Intergastra \u2013 STUTTGART \u2013 von 05 bis 09 Februar 2022.","og_url":"https:\/\/www.bfcsrl.it\/de\/intergastra-05-09-februar-2022\/","og_site_name":"BFC srl","article_published_time":"2021-07-09T07:58:34+00:00","article_modified_time":"2021-07-09T07:51:13+00:00","og_image":[{"width":952,"height":665,"url":"https:\/\/www.bfcsrl.it\/bfc2015\/wp-content\/uploads\/2021\/07\/2022-02-INTERGASTRA.jpg","type":"image\/jpeg"}],"author":"Marta Vanzella","twitter_misc":{"Verfasst von":"Marta Vanzella"},"schema":{"@context":"https:\/\/schema.org","@graph":[{"@type":"WebPage","@id":"https:\/\/www.bfcsrl.it\/de\/intergastra-05-09-februar-2022\/","url":"https:\/\/www.bfcsrl.it\/de\/intergastra-05-09-februar-2022\/","name":"Intergastra - 05\/09 Februar 2022 | BFC srl","isPartOf":{"@id":"https:\/\/www.bfcsrl.it\/es\/#website"},"datePublished":"2021-07-09T07:58:34+00:00","dateModified":"2021-07-09T07:51:13+00:00","author":{"@id":"https:\/\/www.bfcsrl.it\/es\/#\/schema\/person\/46ea66a361f5d46c82d7731027bac4ae"},"breadcrumb":{"@id":"https:\/\/www.bfcsrl.it\/de\/intergastra-05-09-februar-2022\/#breadcrumb"},"inLanguage":"de-DE","potentialAction":[{"@type":"ReadAction","target":["https:\/\/www.bfcsrl.it\/de\/intergastra-05-09-februar-2022\/"]}]},{"@type":"BreadcrumbList","@id":"https:\/\/www.bfcsrl.it\/de\/intergastra-05-09-februar-2022\/#breadcrumb","itemListElement":[{"@type":"ListItem","position":1,"name":"","item":"https:\/\/www.bfcsrl.it\/de\/"},{"@type":"ListItem","position":2,"name":"Intergastra &#8211; 05\/09 Februar 2022"}]},{"@type":"WebSite","@id":"https:\/\/www.bfcsrl.it\/es\/#website","url":"https:\/\/www.bfcsrl.it\/es\/","name":"BFC srl","description":"","potentialAction":[{"@type":"SearchAction","target":{"@type":"EntryPoint","urlTemplate":"https:\/\/www.bfcsrl.it\/es\/?s={search_term_string}"},"query-input":"required name=search_term_string"}],"inLanguage":"de-DE"},{"@type":"Person","@id":"https:\/\/www.bfcsrl.it\/es\/#\/schema\/person\/46ea66a361f5d46c82d7731027bac4ae","name":"Marta Vanzella","image":{"@type":"ImageObject","inLanguage":"de-DE","@id":"https:\/\/www.bfcsrl.it\/es\/#\/schema\/person\/image\/","url":"https:\/\/secure.gravatar.com\/avatar\/8ea3f4d1b3192570f9482d650205e191?s=96&d=mm&r=g","contentUrl":"https:\/\/secure.gravatar.com\/avatar\/8ea3f4d1b3192570f9482d650205e191?s=96&d=mm&r=g","caption":"Marta Vanzella"}}]}},"_links":{"self":[{"href":"https:\/\/www.bfcsrl.it\/de\/wp-json\/wp\/v2\/posts\/27173"}],"collection":[{"href":"https:\/\/www.bfcsrl.it\/de\/wp-json\/wp\/v2\/posts"}],"about":[{"href":"https:\/\/www.bfcsrl.it\/de\/wp-json\/wp\/v2\/types\/post"}],"author":[{"embeddable":true,"href":"https:\/\/www.bfcsrl.it\/de\/wp-json\/wp\/v2\/users\/9"}],"replies":[{"embeddable":true,"href":"https:\/\/www.bfcsrl.it\/de\/wp-json\/wp\/v2\/comments?post=27173"}],"version-history":[{"count":0,"href":"https:\/\/www.bfcsrl.it\/de\/wp-json\/wp\/v2\/posts\/27173\/revisions"}],"wp:featuredmedia":[{"embeddable":true,"href":"https:\/\/www.bfcsrl.it\/de\/wp-json\/wp\/v2\/media\/27165"}],"wp:attachment":[{"href":"https:\/\/www.bfcsrl.it\/de\/wp-json\/wp\/v2\/media?parent=27173"}],"wp:term":[{"taxonomy":"category","embeddable":true,"href":"https:\/\/www.bfcsrl.it\/de\/wp-json\/wp\/v2\/categories?post=27173"},{"taxonomy":"post_tag","embeddable":true,"href":"https:\/\/www.bfcsrl.it\/de\/wp-json\/wp\/v2\/tags?post=27173"}],"curies":[{"name":"wp","href":"https:\/\/api.w.org\/{rel}","templated":true}]}}